{"id":2311,"date":"2015-05-01T15:22:13","date_gmt":"2015-05-01T19:22:13","guid":{"rendered":"https:\/\/cmv.whelkdev.ca\/?p=2311"},"modified":"2015-05-01T15:22:13","modified_gmt":"2015-05-01T19:22:13","slug":"improvement-of-training-devices-for-teachers-working-in-prisons-and-sharing-of-educational-tools-in-a-quebec-french-professional-community-intended-for-education-in-prisons","status":"publish","type":"post","link":"https:\/\/cmv-educare.com\/en\/2015\/05\/improvement-of-training-devices-for-teachers-working-in-prisons-and-sharing-of-educational-tools-in-a-quebec-french-professional-community-intended-for-education-in-prisons\/","title":{"rendered":"Improvement of training devices for teachers working in prisons and sharing of educational tools in a Quebec-French professional community intended for education in prisons"},"content":{"rendered":"<p><a href=\"https:\/\/cmv-educare.com\/wp-content\/uploads\/2013\/06\/logo-fr-qc.jpg\"><img loading=\"lazy\" decoding=\"async\" class=\"alignnone size-full wp-image-1623\" title=\"logo fr-qc\" src=\"https:\/\/cmv-educare.com\/wp-content\/uploads\/2013\/06\/logo-fr-qc.jpg\" alt=\"\" width=\"624\" height=\"202\" srcset=\"https:\/\/cmv-educare.com\/wp-content\/uploads\/2013\/06\/logo-fr-qc.jpg 624w, https:\/\/cmv-educare.com\/wp-content\/uploads\/2013\/06\/logo-fr-qc-300x97.jpg 300w\" sizes=\"auto, (max-width: 624px) 100vw, 624px\" \/><\/a><\/p>\n<p>This project is supported by the\u00a0Minist\u00e8re des Relations internationales, de la Francophonie et du Commerce ext\u00e9rieur of Quebec\u00a0and the\u00a0Minist\u00e8re des Affaires \u00e9trang\u00e8res de la R\u00e9publique fran\u00e7aise (General Consulate of France in Quebec) as part of the 64th session of the Commission permanente de coop\u00e9ration franco-qu\u00e9b\u00e9coise. It is supervised by the\u00a0Minist\u00e8re de l&#8217;\u00c9ducation, du Loisir et du Sport\u00a0\u00a0of Quebec. It follows on the exploratory mission in Suresnes and Lille in March 2012 by Sonia Bradette, coordinator of educational services in provincial prisons. This mission was also funded by the Minist\u00e8re des Relations internationales\u00a0of Quebec.<\/p>\n<p>This project\u00a0seeks to provide teachers teaching materials for education in prison for a\u00a0less educated customers as major constraints are present in conventional equipment. Indeed, in detention facilities, students have little or no access to new information technologies (eg. internet). The purpose of the project is to provide teachers with a digital common environment where the sharing of expertise will be preferred,\u00a0whilst\u00a0giving priority to the French language. In addition, it will allow teachers to\u00a0dynamize their practices as well as pass this expertise to the newly appointed in this workplace.<\/p>\n<p>Impact of proposed project:<\/p>\n<p>&#8211; Enhance and boost the professionalism of teachers by providing a training in the use of digital resources and a space for exchange of practices and professionals\u00a0tools\u00a0dedicated to education in prison.<\/p>\n<p>&#8211; Promote\u00a0significant school learning achievement\u00a0among the inmate (adapted equipment) to enable successful reintegration.<\/p>\n<p>&#8211; Allow the inmate to maintain and enhance their level of competence by providing adequate resources to meet the requirements of the curriculum.<\/p>\n<p>&#8211; Develop appropriate act of the adult in a variety of situations of life by promoting autonomy in the proper exercise of social roles.<\/p>\n<p>&#8211; Removing barriers to school accessibiliy and persistence.<\/p>\n<p>People involved in the French-Quebec project:<\/p>\n<p>Sonia Bradette, coordinator of educational services in provincial prisons, Commission scolaire de la Rivi\u00e8re-du-Nord. Project Coordinator for Quebec.<\/p>\n<p>Jacqueline Comeau, coordinator of educational services in federal prisons, Commission scolaire\u00a0de la Seigneurie-des-Mille-Iles.<\/p>\n<p>Mrs.\u00a0Bradette and Mrs. Comeau will\u00a0participate in a working session in spring 2014 in the Lille region.<\/p>\n<p>Daniel Beauvais, studies engineer, INS HEA in Suresnes. Project coordinator for France.<\/p>\n<p>Philippe Scholasch, deputy headmaster of the Interregional Educational Unit of\u00a0Lille\u00a0&#8211; School Prison.<\/p>\n<p>Mr. Beauvais and\u00a0Mr. Scholasch will participate in a work session in October 2013 in Montreal and the Laurentians.<\/p>\n<p>The UNESCO Chair in Applied Research for\u00a0Education in Prison of the C\u00e9gep Marie-Victorin will take part in a meeting with the partners\u00a0during the\u00a0autumn 2013 in Montreal.<\/p>\n<p>For more information about the project, please contact Mrs. Bradette (bradettes@csrdn.qc.ca) or Mr. Beauvais (daniel.beauvais @ inshea.fr)<\/p>\n","protected":false},"excerpt":{"rendered":"<p>This project is supported by the\u00a0Minist\u00e8re des Relations internationales, de la Francophonie et du Commerce ext\u00e9rieur of Quebec\u00a0and the\u00a0Minist\u00e8re des Affaires \u00e9trang\u00e8res de la R\u00e9publique fran\u00e7aise (General Consulate of France in Quebec) as part of the 64th session of the Commission permanente de coop\u00e9ration franco-qu\u00e9b\u00e9coise. It is supervised by the\u00a0Minist\u00e8re de l&#8217;\u00c9ducation, du Loisir et&#8230;<\/p>\n","protected":false},"author":7,"featured_media":0,"comment_status":"open","ping_status":"open","sticky":false,"template":"","format":"standard","meta":{"_acf_changed":false,"footnotes":""},"categories":[21],"tags":[],"class_list":["post-2311","post","type-post","status-publish","format-standard","hentry","category-non-classes-en"],"acf":[],"_links":{"self":[{"href":"https:\/\/cmv-educare.com\/en\/wp-json\/wp\/v2\/posts\/2311","targetHints":{"allow":["GET"]}}],"collection":[{"href":"https:\/\/cmv-educare.com\/en\/wp-json\/wp\/v2\/posts"}],"about":[{"href":"https:\/\/cmv-educare.com\/en\/wp-json\/wp\/v2\/types\/post"}],"author":[{"embeddable":true,"href":"https:\/\/cmv-educare.com\/en\/wp-json\/wp\/v2\/users\/7"}],"replies":[{"embeddable":true,"href":"https:\/\/cmv-educare.com\/en\/wp-json\/wp\/v2\/comments?post=2311"}],"version-history":[{"count":1,"href":"https:\/\/cmv-educare.com\/en\/wp-json\/wp\/v2\/posts\/2311\/revisions"}],"predecessor-version":[{"id":2312,"href":"https:\/\/cmv-educare.com\/en\/wp-json\/wp\/v2\/posts\/2311\/revisions\/2312"}],"wp:attachment":[{"href":"https:\/\/cmv-educare.com\/en\/wp-json\/wp\/v2\/media?parent=2311"}],"wp:term":[{"taxonomy":"category","embeddable":true,"href":"https:\/\/cmv-educare.com\/en\/wp-json\/wp\/v2\/categories?post=2311"},{"taxonomy":"post_tag","embeddable":true,"href":"https:\/\/cmv-educare.com\/en\/wp-json\/wp\/v2\/tags?post=2311"}],"curies":[{"name":"wp","href":"https:\/\/api.w.org\/{rel}","templated":true}]}}